{"id":2532,"date":"2020-02-21T10:40:01","date_gmt":"2020-02-21T09:40:01","guid":{"rendered":"http:\/\/ficaati.cluster100.hosting.ovh.net\/?p=2186"},"modified":"2024-03-04T15:46:28","modified_gmt":"2024-03-04T14:46:28","slug":"salon-habitat-saint-raphael-du-28-fevrier-au-02-mars-2020","status":"publish","type":"post","link":"https:\/\/www.deco-charpente.fr\/en\/salon-habitat-saint-raphael-du-28-fevrier-au-02-mars-2020\/","title":{"rendered":"Saint-Rapha\u00ebl Habitat Fair from February 28 to March 2, 2020"},"content":{"rendered":"<p>The Muy and Forcalqueiret agencies will be present at the Saint-Rapha\u00ebl Habitat Show from February 28 to March 2, 2020 at the Palais des Congr\u00e8s.<\/p>\n<p>Patrick Boyer and Luc Rock will advise you on your projects and present their outdoor shelter model:<br \/>\n&#8211; <a href=\"https:\/\/www.deco-charpente.fr\/en\/abri-voiture-bois\/\">Carport<\/a>,<br \/>\n&#8211; <a href=\"https:\/\/www.deco-charpente.fr\/en\/appentis-et-auvent\/\">Lean-to &amp; Awning<\/a>,<br \/>\n&#8211; <a href=\"https:\/\/www.deco-charpente.fr\/en\/pergola-bois\/\">Pergola<\/a>,<br \/>\n&#8211; <a href=\"https:\/\/www.deco-charpente.fr\/en\/pool-house-kiosque\/\">Pool House &amp; Kiosk<\/a>,<br \/>\nas well as all <a href=\"https:\/\/www.deco-charpente.fr\/en\/solutions-deco\/\">tailor-made decorative solutions<\/a>.<\/p>\n<p>You can now contact the agencies at <a href=\"tel: 0494549240\">04 94 54 92 40<\/a> and at <a href=\"tel: 0494805290\">04 94 80 52 90<\/a>.<\/p>\n<p><img decoding=\"async\" class=\"alignnone  wp-image-3450\" src=\"https:\/\/www.deco-charpente.fr\/wp-content\/uploads\/2020\/02\/82105106_826169564521367_6352988390132023296_o.jpg\" alt=\"\" width=\"638\" height=\"638\" srcset=\"https:\/\/www.deco-charpente.fr\/wp-content\/uploads\/2020\/02\/82105106_826169564521367_6352988390132023296_o-66x66.jpg 66w, https:\/\/www.deco-charpente.fr\/wp-content\/uploads\/2020\/02\/82105106_826169564521367_6352988390132023296_o-150x150.jpg 150w, https:\/\/www.deco-charpente.fr\/wp-content\/uploads\/2020\/02\/82105106_826169564521367_6352988390132023296_o-200x200.jpg 200w, https:\/\/www.deco-charpente.fr\/wp-content\/uploads\/2020\/02\/82105106_826169564521367_6352988390132023296_o-300x300.jpg 300w, https:\/\/www.deco-charpente.fr\/wp-content\/uploads\/2020\/02\/82105106_826169564521367_6352988390132023296_o-400x400.jpg 400w, https:\/\/www.deco-charpente.fr\/wp-content\/uploads\/2020\/02\/82105106_826169564521367_6352988390132023296_o-600x600.jpg 600w, https:\/\/www.deco-charpente.fr\/wp-content\/uploads\/2020\/02\/82105106_826169564521367_6352988390132023296_o-768x768.jpg 768w, https:\/\/www.deco-charpente.fr\/wp-content\/uploads\/2020\/02\/82105106_826169564521367_6352988390132023296_o-800x800.jpg 800w, https:\/\/www.deco-charpente.fr\/wp-content\/uploads\/2020\/02\/82105106_826169564521367_6352988390132023296_o-1024x1024.jpg 1024w, https:\/\/www.deco-charpente.fr\/wp-content\/uploads\/2020\/02\/82105106_826169564521367_6352988390132023296_o.jpg 1080w\" sizes=\"(max-width: 638px) 100vw, 638px\" \/><\/p>","protected":false},"excerpt":{"rendered":"<p>Les agences du Muy et de Forcalqueiret seront pr\u00e9sentes au Salon Habitat de Saint-Rapha\u00ebl du 28 F\u00e9vrier au 02 Mars [&hellip;]<\/p>","protected":false},"author":2,"featured_media":2188,"comment_status":"closed","ping_status":"closed","sticky":false,"template":"","format":"standard","meta":{"footnotes":""},"categories":[31],"tags":[],"class_list":["post-2532","post","type-post","status-publish","format-standard","has-post-thumbnail","hentry","category-salon"],"yoast_head":"<!-- This site is optimized with the Yoast SEO Premium plugin v20.6 (Yoast SEO v27.4) - https:\/\/yoast.com\/product\/yoast-seo-premium-wordpress\/ -->\n<title>Salon Habitat Saint-Rapha\u00ebl du 28 F\u00e9vrier au 02 Mars 2020 - D\u00e9co Charpente<\/title>\n<meta name=\"robots\" content=\"index, follow, max-snippet:-1, max-image-preview:large, max-video-preview:-1\" \/>\n<link rel=\"canonical\" href=\"https:\/\/www.deco-charpente.fr\/en\/salon-habitat-saint-raphael-du-28-fevrier-au-02-mars-2020\/\" \/>\n<meta property=\"og:locale\" content=\"en_GB\" \/>\n<meta property=\"og:type\" content=\"article\" \/>\n<meta property=\"og:title\" content=\"Salon Habitat Saint-Rapha\u00ebl du 28 F\u00e9vrier au 02 Mars 2020\" \/>\n<meta property=\"og:description\" content=\"Les agences du Muy et de Forcalqueiret seront pr\u00e9sentes au Salon Habitat de Saint-Rapha\u00ebl du 28 F\u00e9vrier au 02 Mars [&hellip;]\" \/>\n<meta property=\"og:url\" content=\"https:\/\/www.deco-charpente.fr\/en\/salon-habitat-saint-raphael-du-28-fevrier-au-02-mars-2020\/\" \/>\n<meta property=\"og:site_name\" content=\"D\u00e9co Charpente\" \/>\n<meta property=\"article:publisher\" content=\"https:\/\/www.facebook.com\/decocharpente\" \/>\n<meta property=\"article:published_time\" content=\"2020-02-21T09:40:01+00:00\" \/>\n<meta property=\"article:modified_time\" content=\"2024-03-04T14:46:28+00:00\" \/>\n<meta property=\"og:image\" content=\"https:\/\/www.deco-charpente.fr\/wp-content\/uploads\/2020\/08\/pool-house-bois-rectangulaire-scaled.jpg\" \/>\n\t<meta property=\"og:image:width\" content=\"2560\" \/>\n\t<meta property=\"og:image:height\" content=\"1920\" \/>\n\t<meta property=\"og:image:type\" content=\"image\/jpeg\" \/>\n<meta name=\"author\" content=\"decocharpente\" \/>\n<meta name=\"twitter:card\" content=\"summary_large_image\" \/>\n<meta name=\"twitter:label1\" content=\"Written by\" \/>\n\t<meta name=\"twitter:data1\" content=\"decocharpente\" \/>\n<script type=\"application\/ld+json\" class=\"yoast-schema-graph\">{\"@context\":\"https:\\\/\\\/schema.org\",\"@graph\":[{\"@type\":\"Article\",\"@id\":\"https:\\\/\\\/www.deco-charpente.fr\\\/salon-habitat-saint-raphael-du-28-fevrier-au-02-mars-2020\\\/#article\",\"isPartOf\":{\"@id\":\"https:\\\/\\\/www.deco-charpente.fr\\\/salon-habitat-saint-raphael-du-28-fevrier-au-02-mars-2020\\\/\"},\"author\":{\"name\":\"decocharpente\",\"@id\":\"https:\\\/\\\/www.deco-charpente.fr\\\/#\\\/schema\\\/person\\\/973cec723b7143bf500a30c80bd8db6b\"},\"headline\":\"Salon Habitat Saint-Rapha\u00ebl du 28 F\u00e9vrier au 02 Mars 2020\",\"datePublished\":\"2020-02-21T09:40:01+00:00\",\"dateModified\":\"2024-03-04T14:46:28+00:00\",\"mainEntityOfPage\":{\"@id\":\"https:\\\/\\\/www.deco-charpente.fr\\\/salon-habitat-saint-raphael-du-28-fevrier-au-02-mars-2020\\\/\"},\"wordCount\":92,\"publisher\":{\"@id\":\"https:\\\/\\\/www.deco-charpente.fr\\\/#organization\"},\"image\":{\"@id\":\"https:\\\/\\\/www.deco-charpente.fr\\\/salon-habitat-saint-raphael-du-28-fevrier-au-02-mars-2020\\\/#primaryimage\"},\"thumbnailUrl\":\"https:\\\/\\\/www.deco-charpente.fr\\\/wp-content\\\/uploads\\\/2020\\\/08\\\/pool-house-bois-rectangulaire-scaled.jpg\",\"articleSection\":[\"Salon\"],\"inLanguage\":\"en-GB\"},{\"@type\":\"WebPage\",\"@id\":\"https:\\\/\\\/www.deco-charpente.fr\\\/salon-habitat-saint-raphael-du-28-fevrier-au-02-mars-2020\\\/\",\"url\":\"https:\\\/\\\/www.deco-charpente.fr\\\/salon-habitat-saint-raphael-du-28-fevrier-au-02-mars-2020\\\/\",\"name\":\"Salon Habitat Saint-Rapha\u00ebl du 28 F\u00e9vrier au 02 Mars 2020 - D\u00e9co Charpente\",\"isPartOf\":{\"@id\":\"https:\\\/\\\/www.deco-charpente.fr\\\/#website\"},\"primaryImageOfPage\":{\"@id\":\"https:\\\/\\\/www.deco-charpente.fr\\\/salon-habitat-saint-raphael-du-28-fevrier-au-02-mars-2020\\\/#primaryimage\"},\"image\":{\"@id\":\"https:\\\/\\\/www.deco-charpente.fr\\\/salon-habitat-saint-raphael-du-28-fevrier-au-02-mars-2020\\\/#primaryimage\"},\"thumbnailUrl\":\"https:\\\/\\\/www.deco-charpente.fr\\\/wp-content\\\/uploads\\\/2020\\\/08\\\/pool-house-bois-rectangulaire-scaled.jpg\",\"datePublished\":\"2020-02-21T09:40:01+00:00\",\"dateModified\":\"2024-03-04T14:46:28+00:00\",\"breadcrumb\":{\"@id\":\"https:\\\/\\\/www.deco-charpente.fr\\\/salon-habitat-saint-raphael-du-28-fevrier-au-02-mars-2020\\\/#breadcrumb\"},\"inLanguage\":\"en-GB\",\"potentialAction\":[{\"@type\":\"ReadAction\",\"target\":[\"https:\\\/\\\/www.deco-charpente.fr\\\/salon-habitat-saint-raphael-du-28-fevrier-au-02-mars-2020\\\/\"]}]},{\"@type\":\"ImageObject\",\"inLanguage\":\"en-GB\",\"@id\":\"https:\\\/\\\/www.deco-charpente.fr\\\/salon-habitat-saint-raphael-du-28-fevrier-au-02-mars-2020\\\/#primaryimage\",\"url\":\"https:\\\/\\\/www.deco-charpente.fr\\\/wp-content\\\/uploads\\\/2020\\\/08\\\/pool-house-bois-rectangulaire-scaled.jpg\",\"contentUrl\":\"https:\\\/\\\/www.deco-charpente.fr\\\/wp-content\\\/uploads\\\/2020\\\/08\\\/pool-house-bois-rectangulaire-scaled.jpg\",\"width\":1920,\"height\":1440},{\"@type\":\"BreadcrumbList\",\"@id\":\"https:\\\/\\\/www.deco-charpente.fr\\\/salon-habitat-saint-raphael-du-28-fevrier-au-02-mars-2020\\\/#breadcrumb\",\"itemListElement\":[{\"@type\":\"ListItem\",\"position\":1,\"name\":\"Accueil\",\"item\":\"https:\\\/\\\/www.deco-charpente.fr\\\/\"},{\"@type\":\"ListItem\",\"position\":2,\"name\":\"Salon Habitat Saint-Rapha\u00ebl du 28 F\u00e9vrier au 02 Mars 2020\"}]},{\"@type\":\"WebSite\",\"@id\":\"https:\\\/\\\/www.deco-charpente.fr\\\/#website\",\"url\":\"https:\\\/\\\/www.deco-charpente.fr\\\/\",\"name\":\"D\u00e9co Charpente\",\"description\":\"Sp\u00e9cialiste reconnu des charpentes bois d\u00e9coratives en ext\u00e9rieur\",\"publisher\":{\"@id\":\"https:\\\/\\\/www.deco-charpente.fr\\\/#organization\"},\"potentialAction\":[{\"@type\":\"SearchAction\",\"target\":{\"@type\":\"EntryPoint\",\"urlTemplate\":\"https:\\\/\\\/www.deco-charpente.fr\\\/?s={search_term_string}\"},\"query-input\":{\"@type\":\"PropertyValueSpecification\",\"valueRequired\":true,\"valueName\":\"search_term_string\"}}],\"inLanguage\":\"en-GB\"},{\"@type\":\"Organization\",\"@id\":\"https:\\\/\\\/www.deco-charpente.fr\\\/#organization\",\"name\":\"D\u00e9co Charpente\",\"url\":\"https:\\\/\\\/www.deco-charpente.fr\\\/\",\"logo\":{\"@type\":\"ImageObject\",\"inLanguage\":\"en-GB\",\"@id\":\"https:\\\/\\\/www.deco-charpente.fr\\\/#\\\/schema\\\/logo\\\/image\\\/\",\"url\":\"https:\\\/\\\/www.deco-charpente.fr\\\/wp-content\\\/uploads\\\/2020\\\/07\\\/logo@2x.png\",\"contentUrl\":\"https:\\\/\\\/www.deco-charpente.fr\\\/wp-content\\\/uploads\\\/2020\\\/07\\\/logo@2x.png\",\"width\":266,\"height\":302,\"caption\":\"D\u00e9co Charpente\"},\"image\":{\"@id\":\"https:\\\/\\\/www.deco-charpente.fr\\\/#\\\/schema\\\/logo\\\/image\\\/\"},\"sameAs\":[\"https:\\\/\\\/www.facebook.com\\\/decocharpente\",\"https:\\\/\\\/www.instagram.com\\\/decocharpente\\\/\",\"https:\\\/\\\/www.linkedin.com\\\/company\\\/d\u00e9co-charpente\\\/\"]},{\"@type\":\"Person\",\"@id\":\"https:\\\/\\\/www.deco-charpente.fr\\\/#\\\/schema\\\/person\\\/973cec723b7143bf500a30c80bd8db6b\",\"name\":\"decocharpente\",\"image\":{\"@type\":\"ImageObject\",\"inLanguage\":\"en-GB\",\"@id\":\"https:\\\/\\\/secure.gravatar.com\\\/avatar\\\/31cc68dc1518341d261054548d0870def436c51b1c1602533ea12bf864a9ea13?s=96&d=mm&r=g\",\"url\":\"https:\\\/\\\/secure.gravatar.com\\\/avatar\\\/31cc68dc1518341d261054548d0870def436c51b1c1602533ea12bf864a9ea13?s=96&d=mm&r=g\",\"contentUrl\":\"https:\\\/\\\/secure.gravatar.com\\\/avatar\\\/31cc68dc1518341d261054548d0870def436c51b1c1602533ea12bf864a9ea13?s=96&d=mm&r=g\",\"caption\":\"decocharpente\"}}]}<\/script>\n<!-- \/ Yoast SEO Premium plugin. -->","yoast_head_json":{"title":"Salon Habitat Saint-Rapha\u00ebl du 28 F\u00e9vrier au 02 Mars 2020 - D\u00e9co Charpente","robots":{"index":"index","follow":"follow","max-snippet":"max-snippet:-1","max-image-preview":"max-image-preview:large","max-video-preview":"max-video-preview:-1"},"canonical":"https:\/\/www.deco-charpente.fr\/en\/salon-habitat-saint-raphael-du-28-fevrier-au-02-mars-2020\/","og_locale":"en_GB","og_type":"article","og_title":"Salon Habitat Saint-Rapha\u00ebl du 28 F\u00e9vrier au 02 Mars 2020","og_description":"Les agences du Muy et de Forcalqueiret seront pr\u00e9sentes au Salon Habitat de Saint-Rapha\u00ebl du 28 F\u00e9vrier au 02 Mars [&hellip;]","og_url":"https:\/\/www.deco-charpente.fr\/en\/salon-habitat-saint-raphael-du-28-fevrier-au-02-mars-2020\/","og_site_name":"D\u00e9co Charpente","article_publisher":"https:\/\/www.facebook.com\/decocharpente","article_published_time":"2020-02-21T09:40:01+00:00","article_modified_time":"2024-03-04T14:46:28+00:00","og_image":[{"width":2560,"height":1920,"url":"https:\/\/www.deco-charpente.fr\/wp-content\/uploads\/2020\/08\/pool-house-bois-rectangulaire-scaled.jpg","type":"image\/jpeg"}],"author":"decocharpente","twitter_card":"summary_large_image","twitter_misc":{"Written by":"decocharpente"},"schema":{"@context":"https:\/\/schema.org","@graph":[{"@type":"Article","@id":"https:\/\/www.deco-charpente.fr\/salon-habitat-saint-raphael-du-28-fevrier-au-02-mars-2020\/#article","isPartOf":{"@id":"https:\/\/www.deco-charpente.fr\/salon-habitat-saint-raphael-du-28-fevrier-au-02-mars-2020\/"},"author":{"name":"decocharpente","@id":"https:\/\/www.deco-charpente.fr\/#\/schema\/person\/973cec723b7143bf500a30c80bd8db6b"},"headline":"Salon Habitat Saint-Rapha\u00ebl du 28 F\u00e9vrier au 02 Mars 2020","datePublished":"2020-02-21T09:40:01+00:00","dateModified":"2024-03-04T14:46:28+00:00","mainEntityOfPage":{"@id":"https:\/\/www.deco-charpente.fr\/salon-habitat-saint-raphael-du-28-fevrier-au-02-mars-2020\/"},"wordCount":92,"publisher":{"@id":"https:\/\/www.deco-charpente.fr\/#organization"},"image":{"@id":"https:\/\/www.deco-charpente.fr\/salon-habitat-saint-raphael-du-28-fevrier-au-02-mars-2020\/#primaryimage"},"thumbnailUrl":"https:\/\/www.deco-charpente.fr\/wp-content\/uploads\/2020\/08\/pool-house-bois-rectangulaire-scaled.jpg","articleSection":["Salon"],"inLanguage":"en-GB"},{"@type":"WebPage","@id":"https:\/\/www.deco-charpente.fr\/salon-habitat-saint-raphael-du-28-fevrier-au-02-mars-2020\/","url":"https:\/\/www.deco-charpente.fr\/salon-habitat-saint-raphael-du-28-fevrier-au-02-mars-2020\/","name":"Salon Habitat Saint-Rapha\u00ebl du 28 F\u00e9vrier au 02 Mars 2020 - D\u00e9co Charpente","isPartOf":{"@id":"https:\/\/www.deco-charpente.fr\/#website"},"primaryImageOfPage":{"@id":"https:\/\/www.deco-charpente.fr\/salon-habitat-saint-raphael-du-28-fevrier-au-02-mars-2020\/#primaryimage"},"image":{"@id":"https:\/\/www.deco-charpente.fr\/salon-habitat-saint-raphael-du-28-fevrier-au-02-mars-2020\/#primaryimage"},"thumbnailUrl":"https:\/\/www.deco-charpente.fr\/wp-content\/uploads\/2020\/08\/pool-house-bois-rectangulaire-scaled.jpg","datePublished":"2020-02-21T09:40:01+00:00","dateModified":"2024-03-04T14:46:28+00:00","breadcrumb":{"@id":"https:\/\/www.deco-charpente.fr\/salon-habitat-saint-raphael-du-28-fevrier-au-02-mars-2020\/#breadcrumb"},"inLanguage":"en-GB","potentialAction":[{"@type":"ReadAction","target":["https:\/\/www.deco-charpente.fr\/salon-habitat-saint-raphael-du-28-fevrier-au-02-mars-2020\/"]}]},{"@type":"ImageObject","inLanguage":"en-GB","@id":"https:\/\/www.deco-charpente.fr\/salon-habitat-saint-raphael-du-28-fevrier-au-02-mars-2020\/#primaryimage","url":"https:\/\/www.deco-charpente.fr\/wp-content\/uploads\/2020\/08\/pool-house-bois-rectangulaire-scaled.jpg","contentUrl":"https:\/\/www.deco-charpente.fr\/wp-content\/uploads\/2020\/08\/pool-house-bois-rectangulaire-scaled.jpg","width":1920,"height":1440},{"@type":"BreadcrumbList","@id":"https:\/\/www.deco-charpente.fr\/salon-habitat-saint-raphael-du-28-fevrier-au-02-mars-2020\/#breadcrumb","itemListElement":[{"@type":"ListItem","position":1,"name":"Accueil","item":"https:\/\/www.deco-charpente.fr\/"},{"@type":"ListItem","position":2,"name":"Salon Habitat Saint-Rapha\u00ebl du 28 F\u00e9vrier au 02 Mars 2020"}]},{"@type":"WebSite","@id":"https:\/\/www.deco-charpente.fr\/#website","url":"https:\/\/www.deco-charpente.fr\/","name":"D\u00e9co Charpente","description":"Sp\u00e9cialiste reconnu des charpentes bois d\u00e9coratives en ext\u00e9rieur","publisher":{"@id":"https:\/\/www.deco-charpente.fr\/#organization"},"potentialAction":[{"@type":"SearchAction","target":{"@type":"EntryPoint","urlTemplate":"https:\/\/www.deco-charpente.fr\/?s={search_term_string}"},"query-input":{"@type":"PropertyValueSpecification","valueRequired":true,"valueName":"search_term_string"}}],"inLanguage":"en-GB"},{"@type":"Organization","@id":"https:\/\/www.deco-charpente.fr\/#organization","name":"D\u00e9co Charpente","url":"https:\/\/www.deco-charpente.fr\/","logo":{"@type":"ImageObject","inLanguage":"en-GB","@id":"https:\/\/www.deco-charpente.fr\/#\/schema\/logo\/image\/","url":"https:\/\/www.deco-charpente.fr\/wp-content\/uploads\/2020\/07\/logo@2x.png","contentUrl":"https:\/\/www.deco-charpente.fr\/wp-content\/uploads\/2020\/07\/logo@2x.png","width":266,"height":302,"caption":"D\u00e9co Charpente"},"image":{"@id":"https:\/\/www.deco-charpente.fr\/#\/schema\/logo\/image\/"},"sameAs":["https:\/\/www.facebook.com\/decocharpente","https:\/\/www.instagram.com\/decocharpente\/","https:\/\/www.linkedin.com\/company\/d\u00e9co-charpente\/"]},{"@type":"Person","@id":"https:\/\/www.deco-charpente.fr\/#\/schema\/person\/973cec723b7143bf500a30c80bd8db6b","name":"decocharpente","image":{"@type":"ImageObject","inLanguage":"en-GB","@id":"https:\/\/secure.gravatar.com\/avatar\/31cc68dc1518341d261054548d0870def436c51b1c1602533ea12bf864a9ea13?s=96&d=mm&r=g","url":"https:\/\/secure.gravatar.com\/avatar\/31cc68dc1518341d261054548d0870def436c51b1c1602533ea12bf864a9ea13?s=96&d=mm&r=g","contentUrl":"https:\/\/secure.gravatar.com\/avatar\/31cc68dc1518341d261054548d0870def436c51b1c1602533ea12bf864a9ea13?s=96&d=mm&r=g","caption":"decocharpente"}}]}},"_links":{"self":[{"href":"https:\/\/www.deco-charpente.fr\/en\/wp-json\/wp\/v2\/posts\/2532","targetHints":{"allow":["GET"]}}],"collection":[{"href":"https:\/\/www.deco-charpente.fr\/en\/wp-json\/wp\/v2\/posts"}],"about":[{"href":"https:\/\/www.deco-charpente.fr\/en\/wp-json\/wp\/v2\/types\/post"}],"author":[{"embeddable":true,"href":"https:\/\/www.deco-charpente.fr\/en\/wp-json\/wp\/v2\/users\/2"}],"replies":[{"embeddable":true,"href":"https:\/\/www.deco-charpente.fr\/en\/wp-json\/wp\/v2\/comments?post=2532"}],"version-history":[{"count":1,"href":"https:\/\/www.deco-charpente.fr\/en\/wp-json\/wp\/v2\/posts\/2532\/revisions"}],"predecessor-version":[{"id":9876,"href":"https:\/\/www.deco-charpente.fr\/en\/wp-json\/wp\/v2\/posts\/2532\/revisions\/9876"}],"wp:featuredmedia":[{"embeddable":true,"href":"https:\/\/www.deco-charpente.fr\/en\/wp-json\/wp\/v2\/media\/2188"}],"wp:attachment":[{"href":"https:\/\/www.deco-charpente.fr\/en\/wp-json\/wp\/v2\/media?parent=2532"}],"wp:term":[{"taxonomy":"category","embeddable":true,"href":"https:\/\/www.deco-charpente.fr\/en\/wp-json\/wp\/v2\/categories?post=2532"},{"taxonomy":"post_tag","embeddable":true,"href":"https:\/\/www.deco-charpente.fr\/en\/wp-json\/wp\/v2\/tags?post=2532"}],"curies":[{"name":"wp","href":"https:\/\/api.w.org\/{rel}","templated":true}]}}