{"id":2567,"date":"2020-07-21T17:44:35","date_gmt":"2020-07-21T15:44:35","guid":{"rendered":"http:\/\/ficaati.cluster100.hosting.ovh.net\/?p=2567"},"modified":"2024-03-04T15:46:07","modified_gmt":"2024-03-04T14:46:07","slug":"temoignage-de-patrick-boyer-concessionnaire-deco-charpente","status":"publish","type":"post","link":"https:\/\/www.deco-charpente.fr\/en\/temoignage-de-patrick-boyer-concessionnaire-deco-charpente\/","title":{"rendered":"Testimonial from Patrick Boyer, D\u00e9co Charpente dealer"},"content":{"rendered":"<p>Consultez le t\u00e9moignage de notre concessionnaire Patrick Boyer qui vous en dit un peu plus sur son exp\u00e9rience chez D\u00e9co Charpente&#8230; \ud83d\udcac<\/p>\n<p>\u00ab J\u2019ai rejoint le r\u00e9seau D\u00e9co Charpente car je partage compl\u00e8tement ses valeurs. J\u2019ai ouvert ma premi\u00e8re concession et 3 ans plus tard j\u2019ai repris le point de vente de Forcalqueiret : une aventure<br \/>\nstimulante ! Aujourd\u2019hui, je suis \u00e0 la t\u00eate d\u2019une \u00e9quipe de 3 personnes. Je souhaite d\u00e9velopper mon activit\u00e9, entre autre, gr\u00e2ce \u00e0 une relation d\u2019\u00e9coute et de proximit\u00e9. Le r\u00e9seau est tr\u00e8s pr\u00e9sent \u00e0<br \/>\nmes c\u00f4t\u00e9s, tout en me laissant beaucoup de libert\u00e9. A titre d\u2019exemple, la garantie fabrication fran\u00e7aise et bois fran\u00e7ais a \u00e9t\u00e9 un v\u00e9ritable levier et une r\u00e9elle valeur ajout\u00e9e aupr\u00e8s de mes prospects, cela m\u2019a permis de valoriser le travail de mon \u00e9quipe et maintenir une image de marque, sans compter sur la ma\u00eetrise des points de marge. \u00bb<\/p>\n<p>Patrick Boyer, Concessionnaire de\u00a0<span style=\"font-weight: 400;\">Roquebrune-sur-Argens<\/span> et Forcalqueiret (83) \ud83d\udd8b<\/p>\n<p><img decoding=\"async\" class=\"alignnone wp-image-3023\" src=\"https:\/\/www.deco-charpente.fr\/wp-content\/uploads\/2020\/07\/98262584_909642296174093_1593386025902669824_o.jpg\" alt=\"Patrick Boyer\" width=\"471\" height=\"443\" srcset=\"https:\/\/www.deco-charpente.fr\/wp-content\/uploads\/2020\/07\/98262584_909642296174093_1593386025902669824_o-200x188.jpg 200w, https:\/\/www.deco-charpente.fr\/wp-content\/uploads\/2020\/07\/98262584_909642296174093_1593386025902669824_o-300x282.jpg 300w, https:\/\/www.deco-charpente.fr\/wp-content\/uploads\/2020\/07\/98262584_909642296174093_1593386025902669824_o-400x376.jpg 400w, https:\/\/www.deco-charpente.fr\/wp-content\/uploads\/2020\/07\/98262584_909642296174093_1593386025902669824_o-600x564.jpg 600w, https:\/\/www.deco-charpente.fr\/wp-content\/uploads\/2020\/07\/98262584_909642296174093_1593386025902669824_o-768x722.jpg 768w, https:\/\/www.deco-charpente.fr\/wp-content\/uploads\/2020\/07\/98262584_909642296174093_1593386025902669824_o-800x752.jpg 800w, https:\/\/www.deco-charpente.fr\/wp-content\/uploads\/2020\/07\/98262584_909642296174093_1593386025902669824_o-1024x963.jpg 1024w, https:\/\/www.deco-charpente.fr\/wp-content\/uploads\/2020\/07\/98262584_909642296174093_1593386025902669824_o-1200x1129.jpg 1200w, https:\/\/www.deco-charpente.fr\/wp-content\/uploads\/2020\/07\/98262584_909642296174093_1593386025902669824_o.jpg 1246w\" sizes=\"(max-width: 471px) 100vw, 471px\" \/><\/p>","protected":false},"excerpt":{"rendered":"<p>Consultez le t\u00e9moignage de notre concessionnaire Patrick Boyer qui vous en dit un peu plus sur son exp\u00e9rience chez D\u00e9co [&hellip;]<\/p>","protected":false},"author":2,"featured_media":2460,"comment_status":"closed","ping_status":"closed","sticky":false,"template":"","format":"standard","meta":{"footnotes":""},"categories":[32,33],"tags":[],"class_list":["post-2567","post","type-post","status-publish","format-standard","has-post-thumbnail","hentry","category-concessionnaire","category-zoom"],"yoast_head":"<!-- This site is optimized with the Yoast SEO Premium plugin v20.6 (Yoast SEO v27.4) - https:\/\/yoast.com\/product\/yoast-seo-premium-wordpress\/ -->\n<title>T\u00e9moignage de Patrick Boyer, concessionnaire D\u00e9co Charpente<\/title>\n<meta name=\"description\" content=\"Consultez le t\u00e9moignage de notre concessionnaire Patrick Boyer qui vous en dit un peu plus sur son exp\u00e9rience chez D\u00e9co Charpente.\" \/>\n<meta name=\"robots\" content=\"index, follow, max-snippet:-1, max-image-preview:large, max-video-preview:-1\" \/>\n<link rel=\"canonical\" href=\"https:\/\/www.deco-charpente.fr\/en\/temoignage-de-patrick-boyer-concessionnaire-deco-charpente\/\" \/>\n<meta property=\"og:locale\" content=\"en_GB\" \/>\n<meta property=\"og:type\" content=\"article\" \/>\n<meta property=\"og:title\" content=\"T\u00e9moignage de Patrick Boyer, concessionnaire D\u00e9co Charpente\" \/>\n<meta property=\"og:description\" content=\"Consultez le t\u00e9moignage de notre concessionnaire Patrick Boyer qui vous en dit un peu plus sur son exp\u00e9rience chez D\u00e9co Charpente.\" \/>\n<meta property=\"og:url\" content=\"https:\/\/www.deco-charpente.fr\/en\/temoignage-de-patrick-boyer-concessionnaire-deco-charpente\/\" \/>\n<meta property=\"og:site_name\" content=\"D\u00e9co Charpente\" \/>\n<meta property=\"article:publisher\" content=\"https:\/\/www.facebook.com\/decocharpente\" \/>\n<meta property=\"article:published_time\" content=\"2020-07-21T15:44:35+00:00\" \/>\n<meta property=\"article:modified_time\" content=\"2024-03-04T14:46:07+00:00\" \/>\n<meta property=\"og:image\" content=\"https:\/\/www.deco-charpente.fr\/wp-content\/uploads\/2020\/08\/Brise-vue-persienne-en-bois-exotique.jpg\" \/>\n\t<meta property=\"og:image:width\" content=\"1024\" \/>\n\t<meta property=\"og:image:height\" content=\"768\" \/>\n\t<meta property=\"og:image:type\" content=\"image\/jpeg\" \/>\n<meta name=\"author\" content=\"decocharpente\" \/>\n<meta name=\"twitter:card\" content=\"summary_large_image\" \/>\n<meta name=\"twitter:label1\" content=\"Written by\" \/>\n\t<meta name=\"twitter:data1\" content=\"decocharpente\" \/>\n\t<meta name=\"twitter:label2\" content=\"Estimated reading time\" \/>\n\t<meta name=\"twitter:data2\" content=\"1 minute\" \/>\n<script type=\"application\/ld+json\" class=\"yoast-schema-graph\">{\"@context\":\"https:\\\/\\\/schema.org\",\"@graph\":[{\"@type\":\"Article\",\"@id\":\"https:\\\/\\\/www.deco-charpente.fr\\\/temoignage-de-patrick-boyer-concessionnaire-deco-charpente\\\/#article\",\"isPartOf\":{\"@id\":\"https:\\\/\\\/www.deco-charpente.fr\\\/temoignage-de-patrick-boyer-concessionnaire-deco-charpente\\\/\"},\"author\":{\"name\":\"decocharpente\",\"@id\":\"https:\\\/\\\/www.deco-charpente.fr\\\/#\\\/schema\\\/person\\\/973cec723b7143bf500a30c80bd8db6b\"},\"headline\":\"T\u00e9moignage de Patrick Boyer, concessionnaire D\u00e9co Charpente\",\"datePublished\":\"2020-07-21T15:44:35+00:00\",\"dateModified\":\"2024-03-04T14:46:07+00:00\",\"mainEntityOfPage\":{\"@id\":\"https:\\\/\\\/www.deco-charpente.fr\\\/temoignage-de-patrick-boyer-concessionnaire-deco-charpente\\\/\"},\"wordCount\":185,\"publisher\":{\"@id\":\"https:\\\/\\\/www.deco-charpente.fr\\\/#organization\"},\"image\":{\"@id\":\"https:\\\/\\\/www.deco-charpente.fr\\\/temoignage-de-patrick-boyer-concessionnaire-deco-charpente\\\/#primaryimage\"},\"thumbnailUrl\":\"https:\\\/\\\/www.deco-charpente.fr\\\/wp-content\\\/uploads\\\/2020\\\/08\\\/Brise-vue-persienne-en-bois-exotique.jpg\",\"articleSection\":[\"Concessionnaire\",\"Zoom\"],\"inLanguage\":\"en-GB\"},{\"@type\":\"WebPage\",\"@id\":\"https:\\\/\\\/www.deco-charpente.fr\\\/temoignage-de-patrick-boyer-concessionnaire-deco-charpente\\\/\",\"url\":\"https:\\\/\\\/www.deco-charpente.fr\\\/temoignage-de-patrick-boyer-concessionnaire-deco-charpente\\\/\",\"name\":\"T\u00e9moignage de Patrick Boyer, concessionnaire D\u00e9co Charpente\",\"isPartOf\":{\"@id\":\"https:\\\/\\\/www.deco-charpente.fr\\\/#website\"},\"primaryImageOfPage\":{\"@id\":\"https:\\\/\\\/www.deco-charpente.fr\\\/temoignage-de-patrick-boyer-concessionnaire-deco-charpente\\\/#primaryimage\"},\"image\":{\"@id\":\"https:\\\/\\\/www.deco-charpente.fr\\\/temoignage-de-patrick-boyer-concessionnaire-deco-charpente\\\/#primaryimage\"},\"thumbnailUrl\":\"https:\\\/\\\/www.deco-charpente.fr\\\/wp-content\\\/uploads\\\/2020\\\/08\\\/Brise-vue-persienne-en-bois-exotique.jpg\",\"datePublished\":\"2020-07-21T15:44:35+00:00\",\"dateModified\":\"2024-03-04T14:46:07+00:00\",\"description\":\"Consultez le t\u00e9moignage de notre concessionnaire Patrick Boyer qui vous en dit un peu plus sur son exp\u00e9rience chez D\u00e9co Charpente.\",\"breadcrumb\":{\"@id\":\"https:\\\/\\\/www.deco-charpente.fr\\\/temoignage-de-patrick-boyer-concessionnaire-deco-charpente\\\/#breadcrumb\"},\"inLanguage\":\"en-GB\",\"potentialAction\":[{\"@type\":\"ReadAction\",\"target\":[\"https:\\\/\\\/www.deco-charpente.fr\\\/temoignage-de-patrick-boyer-concessionnaire-deco-charpente\\\/\"]}]},{\"@type\":\"ImageObject\",\"inLanguage\":\"en-GB\",\"@id\":\"https:\\\/\\\/www.deco-charpente.fr\\\/temoignage-de-patrick-boyer-concessionnaire-deco-charpente\\\/#primaryimage\",\"url\":\"https:\\\/\\\/www.deco-charpente.fr\\\/wp-content\\\/uploads\\\/2020\\\/08\\\/Brise-vue-persienne-en-bois-exotique.jpg\",\"contentUrl\":\"https:\\\/\\\/www.deco-charpente.fr\\\/wp-content\\\/uploads\\\/2020\\\/08\\\/Brise-vue-persienne-en-bois-exotique.jpg\",\"width\":1024,\"height\":768},{\"@type\":\"BreadcrumbList\",\"@id\":\"https:\\\/\\\/www.deco-charpente.fr\\\/temoignage-de-patrick-boyer-concessionnaire-deco-charpente\\\/#breadcrumb\",\"itemListElement\":[{\"@type\":\"ListItem\",\"position\":1,\"name\":\"Accueil\",\"item\":\"https:\\\/\\\/www.deco-charpente.fr\\\/\"},{\"@type\":\"ListItem\",\"position\":2,\"name\":\"T\u00e9moignage de Patrick Boyer, concessionnaire D\u00e9co Charpente\"}]},{\"@type\":\"WebSite\",\"@id\":\"https:\\\/\\\/www.deco-charpente.fr\\\/#website\",\"url\":\"https:\\\/\\\/www.deco-charpente.fr\\\/\",\"name\":\"D\u00e9co Charpente\",\"description\":\"Sp\u00e9cialiste reconnu des charpentes bois d\u00e9coratives en ext\u00e9rieur\",\"publisher\":{\"@id\":\"https:\\\/\\\/www.deco-charpente.fr\\\/#organization\"},\"potentialAction\":[{\"@type\":\"SearchAction\",\"target\":{\"@type\":\"EntryPoint\",\"urlTemplate\":\"https:\\\/\\\/www.deco-charpente.fr\\\/?s={search_term_string}\"},\"query-input\":{\"@type\":\"PropertyValueSpecification\",\"valueRequired\":true,\"valueName\":\"search_term_string\"}}],\"inLanguage\":\"en-GB\"},{\"@type\":\"Organization\",\"@id\":\"https:\\\/\\\/www.deco-charpente.fr\\\/#organization\",\"name\":\"D\u00e9co Charpente\",\"url\":\"https:\\\/\\\/www.deco-charpente.fr\\\/\",\"logo\":{\"@type\":\"ImageObject\",\"inLanguage\":\"en-GB\",\"@id\":\"https:\\\/\\\/www.deco-charpente.fr\\\/#\\\/schema\\\/logo\\\/image\\\/\",\"url\":\"https:\\\/\\\/www.deco-charpente.fr\\\/wp-content\\\/uploads\\\/2020\\\/07\\\/logo@2x.png\",\"contentUrl\":\"https:\\\/\\\/www.deco-charpente.fr\\\/wp-content\\\/uploads\\\/2020\\\/07\\\/logo@2x.png\",\"width\":266,\"height\":302,\"caption\":\"D\u00e9co Charpente\"},\"image\":{\"@id\":\"https:\\\/\\\/www.deco-charpente.fr\\\/#\\\/schema\\\/logo\\\/image\\\/\"},\"sameAs\":[\"https:\\\/\\\/www.facebook.com\\\/decocharpente\",\"https:\\\/\\\/www.instagram.com\\\/decocharpente\\\/\",\"https:\\\/\\\/www.linkedin.com\\\/company\\\/d\u00e9co-charpente\\\/\"]},{\"@type\":\"Person\",\"@id\":\"https:\\\/\\\/www.deco-charpente.fr\\\/#\\\/schema\\\/person\\\/973cec723b7143bf500a30c80bd8db6b\",\"name\":\"decocharpente\",\"image\":{\"@type\":\"ImageObject\",\"inLanguage\":\"en-GB\",\"@id\":\"https:\\\/\\\/secure.gravatar.com\\\/avatar\\\/31cc68dc1518341d261054548d0870def436c51b1c1602533ea12bf864a9ea13?s=96&d=mm&r=g\",\"url\":\"https:\\\/\\\/secure.gravatar.com\\\/avatar\\\/31cc68dc1518341d261054548d0870def436c51b1c1602533ea12bf864a9ea13?s=96&d=mm&r=g\",\"contentUrl\":\"https:\\\/\\\/secure.gravatar.com\\\/avatar\\\/31cc68dc1518341d261054548d0870def436c51b1c1602533ea12bf864a9ea13?s=96&d=mm&r=g\",\"caption\":\"decocharpente\"}}]}<\/script>\n<!-- \/ Yoast SEO Premium plugin. -->","yoast_head_json":{"title":"T\u00e9moignage de Patrick Boyer, concessionnaire D\u00e9co Charpente","description":"Consultez le t\u00e9moignage de notre concessionnaire Patrick Boyer qui vous en dit un peu plus sur son exp\u00e9rience chez D\u00e9co Charpente.","robots":{"index":"index","follow":"follow","max-snippet":"max-snippet:-1","max-image-preview":"max-image-preview:large","max-video-preview":"max-video-preview:-1"},"canonical":"https:\/\/www.deco-charpente.fr\/en\/temoignage-de-patrick-boyer-concessionnaire-deco-charpente\/","og_locale":"en_GB","og_type":"article","og_title":"T\u00e9moignage de Patrick Boyer, concessionnaire D\u00e9co Charpente","og_description":"Consultez le t\u00e9moignage de notre concessionnaire Patrick Boyer qui vous en dit un peu plus sur son exp\u00e9rience chez D\u00e9co Charpente.","og_url":"https:\/\/www.deco-charpente.fr\/en\/temoignage-de-patrick-boyer-concessionnaire-deco-charpente\/","og_site_name":"D\u00e9co Charpente","article_publisher":"https:\/\/www.facebook.com\/decocharpente","article_published_time":"2020-07-21T15:44:35+00:00","article_modified_time":"2024-03-04T14:46:07+00:00","og_image":[{"width":1024,"height":768,"url":"https:\/\/www.deco-charpente.fr\/wp-content\/uploads\/2020\/08\/Brise-vue-persienne-en-bois-exotique.jpg","type":"image\/jpeg"}],"author":"decocharpente","twitter_card":"summary_large_image","twitter_misc":{"Written by":"decocharpente","Estimated reading time":"1 minute"},"schema":{"@context":"https:\/\/schema.org","@graph":[{"@type":"Article","@id":"https:\/\/www.deco-charpente.fr\/temoignage-de-patrick-boyer-concessionnaire-deco-charpente\/#article","isPartOf":{"@id":"https:\/\/www.deco-charpente.fr\/temoignage-de-patrick-boyer-concessionnaire-deco-charpente\/"},"author":{"name":"decocharpente","@id":"https:\/\/www.deco-charpente.fr\/#\/schema\/person\/973cec723b7143bf500a30c80bd8db6b"},"headline":"T\u00e9moignage de Patrick Boyer, concessionnaire D\u00e9co Charpente","datePublished":"2020-07-21T15:44:35+00:00","dateModified":"2024-03-04T14:46:07+00:00","mainEntityOfPage":{"@id":"https:\/\/www.deco-charpente.fr\/temoignage-de-patrick-boyer-concessionnaire-deco-charpente\/"},"wordCount":185,"publisher":{"@id":"https:\/\/www.deco-charpente.fr\/#organization"},"image":{"@id":"https:\/\/www.deco-charpente.fr\/temoignage-de-patrick-boyer-concessionnaire-deco-charpente\/#primaryimage"},"thumbnailUrl":"https:\/\/www.deco-charpente.fr\/wp-content\/uploads\/2020\/08\/Brise-vue-persienne-en-bois-exotique.jpg","articleSection":["Concessionnaire","Zoom"],"inLanguage":"en-GB"},{"@type":"WebPage","@id":"https:\/\/www.deco-charpente.fr\/temoignage-de-patrick-boyer-concessionnaire-deco-charpente\/","url":"https:\/\/www.deco-charpente.fr\/temoignage-de-patrick-boyer-concessionnaire-deco-charpente\/","name":"T\u00e9moignage de Patrick Boyer, concessionnaire D\u00e9co Charpente","isPartOf":{"@id":"https:\/\/www.deco-charpente.fr\/#website"},"primaryImageOfPage":{"@id":"https:\/\/www.deco-charpente.fr\/temoignage-de-patrick-boyer-concessionnaire-deco-charpente\/#primaryimage"},"image":{"@id":"https:\/\/www.deco-charpente.fr\/temoignage-de-patrick-boyer-concessionnaire-deco-charpente\/#primaryimage"},"thumbnailUrl":"https:\/\/www.deco-charpente.fr\/wp-content\/uploads\/2020\/08\/Brise-vue-persienne-en-bois-exotique.jpg","datePublished":"2020-07-21T15:44:35+00:00","dateModified":"2024-03-04T14:46:07+00:00","description":"Consultez le t\u00e9moignage de notre concessionnaire Patrick Boyer qui vous en dit un peu plus sur son exp\u00e9rience chez D\u00e9co Charpente.","breadcrumb":{"@id":"https:\/\/www.deco-charpente.fr\/temoignage-de-patrick-boyer-concessionnaire-deco-charpente\/#breadcrumb"},"inLanguage":"en-GB","potentialAction":[{"@type":"ReadAction","target":["https:\/\/www.deco-charpente.fr\/temoignage-de-patrick-boyer-concessionnaire-deco-charpente\/"]}]},{"@type":"ImageObject","inLanguage":"en-GB","@id":"https:\/\/www.deco-charpente.fr\/temoignage-de-patrick-boyer-concessionnaire-deco-charpente\/#primaryimage","url":"https:\/\/www.deco-charpente.fr\/wp-content\/uploads\/2020\/08\/Brise-vue-persienne-en-bois-exotique.jpg","contentUrl":"https:\/\/www.deco-charpente.fr\/wp-content\/uploads\/2020\/08\/Brise-vue-persienne-en-bois-exotique.jpg","width":1024,"height":768},{"@type":"BreadcrumbList","@id":"https:\/\/www.deco-charpente.fr\/temoignage-de-patrick-boyer-concessionnaire-deco-charpente\/#breadcrumb","itemListElement":[{"@type":"ListItem","position":1,"name":"Accueil","item":"https:\/\/www.deco-charpente.fr\/"},{"@type":"ListItem","position":2,"name":"T\u00e9moignage de Patrick Boyer, concessionnaire D\u00e9co Charpente"}]},{"@type":"WebSite","@id":"https:\/\/www.deco-charpente.fr\/#website","url":"https:\/\/www.deco-charpente.fr\/","name":"D\u00e9co Charpente","description":"Sp\u00e9cialiste reconnu des charpentes bois d\u00e9coratives en ext\u00e9rieur","publisher":{"@id":"https:\/\/www.deco-charpente.fr\/#organization"},"potentialAction":[{"@type":"SearchAction","target":{"@type":"EntryPoint","urlTemplate":"https:\/\/www.deco-charpente.fr\/?s={search_term_string}"},"query-input":{"@type":"PropertyValueSpecification","valueRequired":true,"valueName":"search_term_string"}}],"inLanguage":"en-GB"},{"@type":"Organization","@id":"https:\/\/www.deco-charpente.fr\/#organization","name":"D\u00e9co Charpente","url":"https:\/\/www.deco-charpente.fr\/","logo":{"@type":"ImageObject","inLanguage":"en-GB","@id":"https:\/\/www.deco-charpente.fr\/#\/schema\/logo\/image\/","url":"https:\/\/www.deco-charpente.fr\/wp-content\/uploads\/2020\/07\/logo@2x.png","contentUrl":"https:\/\/www.deco-charpente.fr\/wp-content\/uploads\/2020\/07\/logo@2x.png","width":266,"height":302,"caption":"D\u00e9co Charpente"},"image":{"@id":"https:\/\/www.deco-charpente.fr\/#\/schema\/logo\/image\/"},"sameAs":["https:\/\/www.facebook.com\/decocharpente","https:\/\/www.instagram.com\/decocharpente\/","https:\/\/www.linkedin.com\/company\/d\u00e9co-charpente\/"]},{"@type":"Person","@id":"https:\/\/www.deco-charpente.fr\/#\/schema\/person\/973cec723b7143bf500a30c80bd8db6b","name":"decocharpente","image":{"@type":"ImageObject","inLanguage":"en-GB","@id":"https:\/\/secure.gravatar.com\/avatar\/31cc68dc1518341d261054548d0870def436c51b1c1602533ea12bf864a9ea13?s=96&d=mm&r=g","url":"https:\/\/secure.gravatar.com\/avatar\/31cc68dc1518341d261054548d0870def436c51b1c1602533ea12bf864a9ea13?s=96&d=mm&r=g","contentUrl":"https:\/\/secure.gravatar.com\/avatar\/31cc68dc1518341d261054548d0870def436c51b1c1602533ea12bf864a9ea13?s=96&d=mm&r=g","caption":"decocharpente"}}]}},"_links":{"self":[{"href":"https:\/\/www.deco-charpente.fr\/en\/wp-json\/wp\/v2\/posts\/2567","targetHints":{"allow":["GET"]}}],"collection":[{"href":"https:\/\/www.deco-charpente.fr\/en\/wp-json\/wp\/v2\/posts"}],"about":[{"href":"https:\/\/www.deco-charpente.fr\/en\/wp-json\/wp\/v2\/types\/post"}],"author":[{"embeddable":true,"href":"https:\/\/www.deco-charpente.fr\/en\/wp-json\/wp\/v2\/users\/2"}],"replies":[{"embeddable":true,"href":"https:\/\/www.deco-charpente.fr\/en\/wp-json\/wp\/v2\/comments?post=2567"}],"version-history":[{"count":1,"href":"https:\/\/www.deco-charpente.fr\/en\/wp-json\/wp\/v2\/posts\/2567\/revisions"}],"predecessor-version":[{"id":8857,"href":"https:\/\/www.deco-charpente.fr\/en\/wp-json\/wp\/v2\/posts\/2567\/revisions\/8857"}],"wp:featuredmedia":[{"embeddable":true,"href":"https:\/\/www.deco-charpente.fr\/en\/wp-json\/wp\/v2\/media\/2460"}],"wp:attachment":[{"href":"https:\/\/www.deco-charpente.fr\/en\/wp-json\/wp\/v2\/media?parent=2567"}],"wp:term":[{"taxonomy":"category","embeddable":true,"href":"https:\/\/www.deco-charpente.fr\/en\/wp-json\/wp\/v2\/categories?post=2567"},{"taxonomy":"post_tag","embeddable":true,"href":"https:\/\/www.deco-charpente.fr\/en\/wp-json\/wp\/v2\/tags?post=2567"}],"curies":[{"name":"wp","href":"https:\/\/api.w.org\/{rel}","templated":true}]}}